{"id":430,"date":"2025-03-10T18:05:34","date_gmt":"2025-03-10T15:05:34","guid":{"rendered":"http:\/\/localhost\/wordpress\/?p=430"},"modified":"2025-03-10T20:18:27","modified_gmt":"2025-03-10T17:18:27","slug":"capacidade-tecnica","status":"publish","type":"post","link":"https:\/\/correcta.pt\/fr\/capacidade-tecnica\/","title":{"rendered":"Capacit\u00e9 technique"},"content":{"rendered":"<hr class=\"wp-block-separator has-alpha-channel-opacity\"\/>\n\n\n\n<p>A <strong>Groupe Correcta<\/strong> a une <strong>une grande capacit\u00e9 technique<\/strong> a acquis plus de 20 ans d'exp\u00e9rience dans le secteur de la m\u00e9tallurgie et de l'ing\u00e9nierie navale. Nous avons <strong>un \u00e9quipement moderne et une technologie de pointe<\/strong> qui nous permettent de r\u00e9aliser des projets complexes avec pr\u00e9cision et efficacit\u00e9. Notre \u00e9quipe de sp\u00e9cialistes est hautement qualifi\u00e9e, ce qui garantit l'ex\u00e9cution de <strong>des solutions innovantes et personnalis\u00e9es<\/strong> pour chaque client, que ce soit en <strong>la production de structures m\u00e9talliques<\/strong> ou en <strong>construction et r\u00e9paration de bateaux<\/strong>. Avec un engagement constant \u00e0 <strong>qualit\u00e9, rapidit\u00e9 et s\u00e9curit\u00e9<\/strong>Nous offrons des services techniques de haut niveau qui r\u00e9pondent aux exigences les plus strictes du march\u00e9.<\/p>\n\n\n\n<p><\/p>","protected":false},"excerpt":{"rendered":"<p>Pliage - \u00e9quipement sp\u00e9cialis\u00e9 pour le pliage de t\u00f4les et le fa\u00e7onnage de pi\u00e8ces<br \/>\nD\u00e9coupe laser - d\u00e9coupes pr\u00e9cises et personnalis\u00e9es dans divers mat\u00e9riaux m\u00e9talliques.<\/p>","protected":false},"author":1,"featured_media":135,"comment_status":"open","ping_status":"open","sticky":false,"template":"","format":"standard","meta":{"footnotes":""},"categories":[1,25],"tags":[28,27,31],"class_list":["post-430","post","type-post","status-publish","format-standard","has-post-thumbnail","hentry","category-genel","category-producao","tag-elementos-metalicos","tag-estruturas-metalicas","tag-gradil-em-metal"],"_links":{"self":[{"href":"https:\/\/correcta.pt\/fr\/wp-json\/wp\/v2\/posts\/430","targetHints":{"allow":["GET"]}}],"collection":[{"href":"https:\/\/correcta.pt\/fr\/wp-json\/wp\/v2\/posts"}],"about":[{"href":"https:\/\/correcta.pt\/fr\/wp-json\/wp\/v2\/types\/post"}],"author":[{"embeddable":true,"href":"https:\/\/correcta.pt\/fr\/wp-json\/wp\/v2\/users\/1"}],"replies":[{"embeddable":true,"href":"https:\/\/correcta.pt\/fr\/wp-json\/wp\/v2\/comments?post=430"}],"version-history":[{"count":3,"href":"https:\/\/correcta.pt\/fr\/wp-json\/wp\/v2\/posts\/430\/revisions"}],"predecessor-version":[{"id":445,"href":"https:\/\/correcta.pt\/fr\/wp-json\/wp\/v2\/posts\/430\/revisions\/445"}],"wp:featuredmedia":[{"embeddable":true,"href":"https:\/\/correcta.pt\/fr\/wp-json\/wp\/v2\/media\/135"}],"wp:attachment":[{"href":"https:\/\/correcta.pt\/fr\/wp-json\/wp\/v2\/media?parent=430"}],"wp:term":[{"taxonomy":"category","embeddable":true,"href":"https:\/\/correcta.pt\/fr\/wp-json\/wp\/v2\/categories?post=430"},{"taxonomy":"post_tag","embeddable":true,"href":"https:\/\/correcta.pt\/fr\/wp-json\/wp\/v2\/tags?post=430"}],"curies":[{"name":"wp","href":"https:\/\/api.w.org\/{rel}","templated":true}]}}